
{"id":284,"count":21,"description":"<h1>Skyline Fotografici Sagomati \u2013 Stile Metropolitano per Ogni Ambiente<\/h1>\r\nDai vita ai tuoi spazi con la nostra esclusiva collezione di skyline fotografici sagomati: opere d\u2019arredo che catturano il profilo architettonico delle citt\u00e0 pi\u00f9 iconiche del mondo. Ideali per decorare la parete del soggiorno, arricchire una cucina moderna o dare un tocco cosmopolita a uno studio professionale, questi skyline trasformano l\u2019ambiente in una finestra su scenari urbani affascinanti.\r\n<h3>\r\nSkyline Design Originale e Identit\u00e0 Urbana<\/h3>\r\nOgni scultura raffigura monumenti e grattacieli simbolo di metropoli internazionali come New York, Chicago, Londra, Milano o Tokyo. Il loro profilo sagomato e la presenza del nome della citt\u00e0 conferiscono a ogni elemento un carattere riconoscibile e decorativo, perfetto per chi ama un interior design contemporaneo, essenziale ma d'impatto.\r\n<h3>\r\nDescrizione Tecnica Skyline<\/h3>\r\nGli skyline fotografici sagomati sono realizzati in legno MDF (Medium Density Fiberboard), un materiale robusto ma leggero, perfetto per decorazioni da parete. Lo spessore del pannello \u00e8 di 3 mm, garantendo resistenza e flessibilit\u00e0 al tempo stesso. Ogni skyline viene stampato con tecnologia di alta qualit\u00e0 che assicura colori intensi, nitidezza fotografica e lunga durata nel tempo.\r\nLe dimensioni variano a seconda del modello, ma tra i formati pi\u00f9 apprezzati troviamo il 100x53 cm, ideale per ottenere un grande effetto visivo anche su pareti di medie dimensioni. Il montaggio \u00e8 pratico e intuitivo: grazie al peso contenuto, l\u2019opera pu\u00f2 essere facilmente fissata con ganci, biadesivo o supporti invisibili senza bisogno di strumenti invasivi.\r\n<h3>\r\nDecorazione Versatile per Casa e Lavoro<\/h3>\r\nGrazie alle variet\u00e0 disponibili, ogni ambiente pu\u00f2 essere personalizzato in base al gusto personale o al significato simbolico della citt\u00e0 scelta. Questi elementi d\u2019arredo si integrano perfettamente in contesti moderni, minimalisti, industrial e anche in spazi lavorativi, aggiungendo un tocco elegante e urbano.\r\n<h3>\r\nUn Viaggio Visivo tra le Citt\u00e0 del Mondo<\/h3>\r\nScopri la collezione completa e scegli quello che meglio rappresenta la tua storia, i tuoi ricordi o semplicemente il tuo stile. Con le nostre sculture skyline in legno MDF, ogni parete diventa il racconto silenzioso di un viaggio, di una passione, di un sogno urbano.","link":"https:\/\/www.doublewdesign.it\/categoria\/arredo-muro\/skyline\/","name":"Skyline","slug":"skyline","taxonomy":"product_cat","parent":29,"meta":[],"menu_order":0,"yoast_head":"<!-- This site is optimized with the Yoast SEO plugin v27.4 - https:\/\/yoast.com\/product\/yoast-seo-wordpress\/ -->\n<title>Skyline Archivi - Wdesign<\/title>\n<meta name=\"description\" content=\"Skyline decora il tuo ambiente pu\u00f2 essere personalizzato in base al gusto personale o al significato simbolico della citt\u00e0 scelta\" \/>\n<meta name=\"robots\" content=\"index, follow, max-snippet:-1, max-image-preview:large, max-video-preview:-1\" \/>\n<link rel=\"canonical\" href=\"https:\/\/www.doublewdesign.it\/categoria\/arredo-muro\/skyline\/\" \/>\n<meta property=\"og:locale\" content=\"en_US\" \/>\n<meta property=\"og:type\" content=\"article\" \/>\n<meta property=\"og:title\" content=\"Skyline Archivi - Wdesign\" \/>\n<meta property=\"og:description\" content=\"Skyline decora il tuo ambiente pu\u00f2 essere personalizzato in base al gusto personale o al significato simbolico della citt\u00e0 scelta\" \/>\n<meta property=\"og:url\" content=\"https:\/\/www.doublewdesign.it\/categoria\/arredo-muro\/skyline\/\" \/>\n<meta property=\"og:site_name\" content=\"Wdesign\" \/>\n<meta name=\"twitter:card\" content=\"summary_large_image\" \/>\n<script type=\"application\/ld+json\" class=\"yoast-schema-graph\">{\"@context\":\"https:\\\/\\\/schema.org\",\"@graph\":[{\"@type\":\"CollectionPage\",\"@id\":\"https:\\\/\\\/www.doublewdesign.it\\\/categoria\\\/arredo-muro\\\/skyline\\\/\",\"url\":\"https:\\\/\\\/www.doublewdesign.it\\\/categoria\\\/arredo-muro\\\/skyline\\\/\",\"name\":\"Skyline Archivi - Wdesign\",\"isPartOf\":{\"@id\":\"https:\\\/\\\/www.doublewdesign.it\\\/#website\"},\"description\":\"Skyline decora il tuo ambiente pu\u00f2 essere personalizzato in base al gusto personale o al significato simbolico della citt\u00e0 scelta\",\"breadcrumb\":{\"@id\":\"https:\\\/\\\/www.doublewdesign.it\\\/categoria\\\/arredo-muro\\\/skyline\\\/#breadcrumb\"},\"inLanguage\":\"en-US\"},{\"@type\":\"BreadcrumbList\",\"@id\":\"https:\\\/\\\/www.doublewdesign.it\\\/categoria\\\/arredo-muro\\\/skyline\\\/#breadcrumb\",\"itemListElement\":[{\"@type\":\"ListItem\",\"position\":1,\"name\":\"Home\",\"item\":\"https:\\\/\\\/www.doublewdesign.it\\\/?lang=en\"},{\"@type\":\"ListItem\",\"position\":2,\"name\":\"Shop\",\"item\":\"https:\\\/\\\/www.doublewdesign.it\\\/en\\\/shop\\\/\"},{\"@type\":\"ListItem\",\"position\":3,\"name\":\"Arredo Muro\",\"item\":\"https:\\\/\\\/www.doublewdesign.it\\\/categoria\\\/arredo-muro\\\/\"},{\"@type\":\"ListItem\",\"position\":4,\"name\":\"Skyline\"}]},{\"@type\":\"WebSite\",\"@id\":\"https:\\\/\\\/www.doublewdesign.it\\\/#website\",\"url\":\"https:\\\/\\\/www.doublewdesign.it\\\/\",\"name\":\"Wdesign\",\"description\":\"Wdesign\",\"publisher\":{\"@id\":\"https:\\\/\\\/www.doublewdesign.it\\\/#organization\"},\"potentialAction\":[{\"@type\":\"SearchAction\",\"target\":{\"@type\":\"EntryPoint\",\"urlTemplate\":\"https:\\\/\\\/www.doublewdesign.it\\\/?s={search_term_string}\"},\"query-input\":{\"@type\":\"PropertyValueSpecification\",\"valueRequired\":true,\"valueName\":\"search_term_string\"}}],\"inLanguage\":\"en-US\"},{\"@type\":\"Organization\",\"@id\":\"https:\\\/\\\/www.doublewdesign.it\\\/#organization\",\"name\":\"Wdesign\",\"url\":\"https:\\\/\\\/www.doublewdesign.it\\\/\",\"logo\":{\"@type\":\"ImageObject\",\"inLanguage\":\"en-US\",\"@id\":\"https:\\\/\\\/www.doublewdesign.it\\\/#\\\/schema\\\/logo\\\/image\\\/\",\"url\":\"https:\\\/\\\/www.doublewdesign.it\\\/wp-content\\\/uploads\\\/2024\\\/07\\\/wdesign_logo.png\",\"contentUrl\":\"https:\\\/\\\/www.doublewdesign.it\\\/wp-content\\\/uploads\\\/2024\\\/07\\\/wdesign_logo.png\",\"width\":94,\"height\":94,\"caption\":\"Wdesign\"},\"image\":{\"@id\":\"https:\\\/\\\/www.doublewdesign.it\\\/#\\\/schema\\\/logo\\\/image\\\/\"},\"sameAs\":[\"https:\\\/\\\/www.facebook.com\\\/profile.php?id=100088597355679\"]}]}<\/script>\n<!-- \/ Yoast SEO plugin. -->","yoast_head_json":{"title":"Skyline Archivi - Wdesign","description":"Skyline decora il tuo ambiente pu\u00f2 essere personalizzato in base al gusto personale o al significato simbolico della citt\u00e0 scelta","robots":{"index":"index","follow":"follow","max-snippet":"max-snippet:-1","max-image-preview":"max-image-preview:large","max-video-preview":"max-video-preview:-1"},"canonical":"https:\/\/www.doublewdesign.it\/categoria\/arredo-muro\/skyline\/","og_locale":"en_US","og_type":"article","og_title":"Skyline Archivi - Wdesign","og_description":"Skyline decora il tuo ambiente pu\u00f2 essere personalizzato in base al gusto personale o al significato simbolico della citt\u00e0 scelta","og_url":"https:\/\/www.doublewdesign.it\/categoria\/arredo-muro\/skyline\/","og_site_name":"Wdesign","twitter_card":"summary_large_image","schema":{"@context":"https:\/\/schema.org","@graph":[{"@type":"CollectionPage","@id":"https:\/\/www.doublewdesign.it\/categoria\/arredo-muro\/skyline\/","url":"https:\/\/www.doublewdesign.it\/categoria\/arredo-muro\/skyline\/","name":"Skyline Archivi - Wdesign","isPartOf":{"@id":"https:\/\/www.doublewdesign.it\/#website"},"description":"Skyline decora il tuo ambiente pu\u00f2 essere personalizzato in base al gusto personale o al significato simbolico della citt\u00e0 scelta","breadcrumb":{"@id":"https:\/\/www.doublewdesign.it\/categoria\/arredo-muro\/skyline\/#breadcrumb"},"inLanguage":"en-US"},{"@type":"BreadcrumbList","@id":"https:\/\/www.doublewdesign.it\/categoria\/arredo-muro\/skyline\/#breadcrumb","itemListElement":[{"@type":"ListItem","position":1,"name":"Home","item":"https:\/\/www.doublewdesign.it\/?lang=en"},{"@type":"ListItem","position":2,"name":"Shop","item":"https:\/\/www.doublewdesign.it\/en\/shop\/"},{"@type":"ListItem","position":3,"name":"Arredo Muro","item":"https:\/\/www.doublewdesign.it\/categoria\/arredo-muro\/"},{"@type":"ListItem","position":4,"name":"Skyline"}]},{"@type":"WebSite","@id":"https:\/\/www.doublewdesign.it\/#website","url":"https:\/\/www.doublewdesign.it\/","name":"Wdesign","description":"Wdesign","publisher":{"@id":"https:\/\/www.doublewdesign.it\/#organization"},"potentialAction":[{"@type":"SearchAction","target":{"@type":"EntryPoint","urlTemplate":"https:\/\/www.doublewdesign.it\/?s={search_term_string}"},"query-input":{"@type":"PropertyValueSpecification","valueRequired":true,"valueName":"search_term_string"}}],"inLanguage":"en-US"},{"@type":"Organization","@id":"https:\/\/www.doublewdesign.it\/#organization","name":"Wdesign","url":"https:\/\/www.doublewdesign.it\/","logo":{"@type":"ImageObject","inLanguage":"en-US","@id":"https:\/\/www.doublewdesign.it\/#\/schema\/logo\/image\/","url":"https:\/\/www.doublewdesign.it\/wp-content\/uploads\/2024\/07\/wdesign_logo.png","contentUrl":"https:\/\/www.doublewdesign.it\/wp-content\/uploads\/2024\/07\/wdesign_logo.png","width":94,"height":94,"caption":"Wdesign"},"image":{"@id":"https:\/\/www.doublewdesign.it\/#\/schema\/logo\/image\/"},"sameAs":["https:\/\/www.facebook.com\/profile.php?id=100088597355679"]}]}},"_links":{"self":[{"href":"https:\/\/www.doublewdesign.it\/en\/wp-json\/wp\/v2\/product_cat\/284","targetHints":{"allow":["GET"]}}],"collection":[{"href":"https:\/\/www.doublewdesign.it\/en\/wp-json\/wp\/v2\/product_cat"}],"about":[{"href":"https:\/\/www.doublewdesign.it\/en\/wp-json\/wp\/v2\/taxonomies\/product_cat"}],"up":[{"embeddable":true,"href":"https:\/\/www.doublewdesign.it\/en\/wp-json\/wp\/v2\/product_cat\/29"}],"wp:post_type":[{"href":"https:\/\/www.doublewdesign.it\/en\/wp-json\/wp\/v2\/product?product_cat=284"}],"curies":[{"name":"wp","href":"https:\/\/api.w.org\/{rel}","templated":true}]}}